{"id":431,"date":"2019-04-01T20:12:45","date_gmt":"2019-04-01T18:12:45","guid":{"rendered":"https:\/\/guide-strasbourg.de\/?p=431"},"modified":"2019-07-31T18:48:56","modified_gmt":"2019-07-31T16:48:56","slug":"zwischen-kehl-und-strasbourg-deutschland-und-frankreich","status":"publish","type":"post","link":"https:\/\/guide-strasbourg.de\/es\/zwischen-kehl-und-strasbourg-deutschland-und-frankreich\/","title":{"rendered":"Reportaje de televisi\u00f3n SWR \u00abEntre Francia y Alemania: en tranv\u00eda hasta Estrasburgo\u00bb"},"content":{"rendered":"<p style=\"text-align: justify;\"><strong>Reportaje de televisi\u00f3n SWR \u00abEntre Francia y Alemania: en tranv\u00eda hasta Estrasburgo\u00bb<\/strong><\/p>\n<div style=\"text-align: justify;\">\n<p>Reportaje de televisi\u00f3n del d\u00eda <span data-ctrl-datetime=\"{ date : '1553886900000', datePattern : 'E, d.M.yyyy'}\">29.03.2019 | 20:15, desde minuto 8&#8217;45.<\/span><\/p>\n<p><span data-ctrl-datetime=\"{ date : '1553886900000', datePattern : 'E, d.M.yyyy'}\"><a href=\"https:\/\/www.swr.de\/expedition\/pendeln-zwischen-deutschland-und-frankreich-mit-der-strassenbahn-nach-strassburg\/-\/id=9471640\/did=22764350\/nid=9471640\/1lrlft9\/index.html\" target=\"_blank\" rel=\"noopener noreferrer\">Reportaje de televisi\u00f3n:<\/a><\/span><\/p>\n<p>&nbsp;<\/p>\n<\/div>\n<div><a href=\"https:\/\/www.swr.de\/expedition\/pendeln-zwischen-deutschland-und-frankreich-mit-der-strassenbahn-nach-strassburg\/-\/id=9471640\/did=22764350\/nid=9471640\/1lrlft9\/index.html\" target=\"_blank\" rel=\"noopener noreferrer\"><img loading=\"lazy\" decoding=\"async\" class=\"alignnone size-full wp-image-433\" src=\"https:\/\/guide-strasbourg.de\/wp-content\/uploads\/2019\/04\/SWR-Beitrag.jpg\" alt=\"\" width=\"800\" height=\"429\" srcset=\"https:\/\/guide-strasbourg.de\/wp-content\/uploads\/2019\/04\/SWR-Beitrag.jpg 800w, https:\/\/guide-strasbourg.de\/wp-content\/uploads\/2019\/04\/SWR-Beitrag-300x161.jpg 300w, https:\/\/guide-strasbourg.de\/wp-content\/uploads\/2019\/04\/SWR-Beitrag-768x412.jpg 768w, https:\/\/guide-strasbourg.de\/wp-content\/uploads\/2019\/04\/SWR-Beitrag-220x118.jpg 220w, https:\/\/guide-strasbourg.de\/wp-content\/uploads\/2019\/04\/SWR-Beitrag-355x190.jpg 355w, https:\/\/guide-strasbourg.de\/wp-content\/uploads\/2019\/04\/SWR-Beitrag-730x391.jpg 730w, https:\/\/guide-strasbourg.de\/wp-content\/uploads\/2019\/04\/SWR-Beitrag-90x48.jpg 90w\" sizes=\"auto, (max-width: 800px) 100vw, 800px\" \/><\/a><\/div>\n","protected":false},"excerpt":{"rendered":"<p>Reportaje de televisi\u00f3n SWR \u00abEntre Francia y Alemania: en tranv\u00eda hasta Estrasburgo\u00bb Reportaje de televisi\u00f3n del d\u00eda 29.03.2019 | 20:15, desde minuto 8&#8217;45. Reportaje de televisi\u00f3n: &nbsp;<\/p>\n","protected":false},"author":3,"featured_media":0,"comment_status":"closed","ping_status":"closed","sticky":false,"template":"","format":"standard","meta":{"footnotes":""},"categories":[1],"tags":[],"class_list":["post-431","post","type-post","status-publish","format-standard","hentry","category-allgemein"],"translation":{"provider":"WPGlobus","version":"3.0.1","language":"es","enabled_languages":["de","en","fr","es"],"languages":{"de":{"title":true,"content":true,"excerpt":false},"en":{"title":true,"content":true,"excerpt":false},"fr":{"title":true,"content":true,"excerpt":false},"es":{"title":true,"content":true,"excerpt":false}}},"aioseo_notices":[],"aioseo_head":"\n\t\t<!-- All in One SEO 5.0.1.1 - aioseo.com -->\n\t<meta name=\"robots\" content=\"max-image-preview:large\" \/>\n\t<meta name=\"author\" content=\"R\u00e9gine Baumg\u00e4rtner\"\/>\n\t<link rel=\"canonical\" href=\"https:\/\/guide-strasbourg.de\/es\/zwischen-kehl-und-strasbourg-deutschland-und-frankreich\/\" \/>\n\t<meta name=\"generator\" content=\"All in One SEO (AIOSEO) 5.0.1.1\" \/>\n\t\t<script type=\"application\/ld+json\" class=\"aioseo-schema\">\n\t\t\t{\"@context\":\"https:\\\/\\\/schema.org\",\"@graph\":[{\"@type\":\"Article\",\"@id\":\"https:\\\/\\\/guide-strasbourg.de\\\/es\\\/zwischen-kehl-und-strasbourg-deutschland-und-frankreich\\\/#article\",\"name\":\"Reportaje de televisi\\u00f3n SWR \\u00abEntre Francia y Alemania: en tranv\\u00eda hasta Estrasburgo\\u00bb | Guide Strasbourg - Stadtf\\u00fchrer f\\u00fcr Stra\\u00dfburg\",\"headline\":\"Reportaje de televisi\\u00f3n SWR \\u00abEntre Francia y Alemania: en tranv\\u00eda hasta Estrasburgo\\u00bb\",\"author\":{\"@id\":\"https:\\\/\\\/guide-strasbourg.de\\\/es\\\/author\\\/regine_2018-2-2-2-2\\\/#author\"},\"publisher\":{\"@id\":\"https:\\\/\\\/guide-strasbourg.de\\\/es\\\/#organization\"},\"image\":{\"@type\":\"ImageObject\",\"url\":\"https:\\\/\\\/guide-strasbourg.de\\\/wp-content\\\/uploads\\\/2019\\\/04\\\/SWR-Beitrag.jpg\",\"@id\":\"https:\\\/\\\/guide-strasbourg.de\\\/es\\\/zwischen-kehl-und-strasbourg-deutschland-und-frankreich\\\/#articleImage\",\"width\":800,\"height\":429},\"datePublished\":\"2019-04-01T20:12:45+02:00\",\"dateModified\":\"2019-07-31T18:48:56+02:00\",\"inLanguage\":\"es-ES\",\"mainEntityOfPage\":{\"@id\":\"https:\\\/\\\/guide-strasbourg.de\\\/es\\\/zwischen-kehl-und-strasbourg-deutschland-und-frankreich\\\/#webpage\"},\"isPartOf\":{\"@id\":\"https:\\\/\\\/guide-strasbourg.de\\\/es\\\/zwischen-kehl-und-strasbourg-deutschland-und-frankreich\\\/#webpage\"},\"articleSection\":\"Allgemein\"},{\"@type\":\"BreadcrumbList\",\"@id\":\"https:\\\/\\\/guide-strasbourg.de\\\/es\\\/zwischen-kehl-und-strasbourg-deutschland-und-frankreich\\\/#breadcrumblist\",\"itemListElement\":[{\"@type\":\"ListItem\",\"@id\":\"https:\\\/\\\/guide-strasbourg.de\\\/es#listItem\",\"position\":1,\"name\":\"Home\",\"item\":\"https:\\\/\\\/guide-strasbourg.de\\\/es\",\"nextItem\":{\"@type\":\"ListItem\",\"@id\":\"https:\\\/\\\/guide-strasbourg.de\\\/es\\\/category\\\/allgemein\\\/#listItem\",\"name\":\"Allgemein\"}},{\"@type\":\"ListItem\",\"@id\":\"https:\\\/\\\/guide-strasbourg.de\\\/es\\\/category\\\/allgemein\\\/#listItem\",\"position\":2,\"name\":\"Allgemein\",\"item\":\"https:\\\/\\\/guide-strasbourg.de\\\/es\\\/category\\\/allgemein\\\/\",\"nextItem\":{\"@type\":\"ListItem\",\"@id\":\"https:\\\/\\\/guide-strasbourg.de\\\/es\\\/zwischen-kehl-und-strasbourg-deutschland-und-frankreich\\\/#listItem\",\"name\":\"Reportaje de televisi\\u00f3n SWR \\u00abEntre Francia y Alemania: en tranv\\u00eda hasta Estrasburgo\\u00bb\"},\"previousItem\":{\"@type\":\"ListItem\",\"@id\":\"https:\\\/\\\/guide-strasbourg.de\\\/es#listItem\",\"name\":\"Home\"}},{\"@type\":\"ListItem\",\"@id\":\"https:\\\/\\\/guide-strasbourg.de\\\/es\\\/zwischen-kehl-und-strasbourg-deutschland-und-frankreich\\\/#listItem\",\"position\":3,\"name\":\"Reportaje de televisi\\u00f3n SWR \\u00abEntre Francia y Alemania: en tranv\\u00eda hasta Estrasburgo\\u00bb\",\"previousItem\":{\"@type\":\"ListItem\",\"@id\":\"https:\\\/\\\/guide-strasbourg.de\\\/es\\\/category\\\/allgemein\\\/#listItem\",\"name\":\"Allgemein\"}}]},{\"@type\":\"Organization\",\"@id\":\"https:\\\/\\\/guide-strasbourg.de\\\/es\\\/#organization\",\"name\":\"Guide Strasbourg - Stadtf\\u00fchrer f\\u00fcr Stra\\u00dfburg\",\"description\":\"Stadtf\\u00fchrung und Museumsf\\u00fchrung in Stra\\u00dfburg\",\"url\":\"https:\\\/\\\/guide-strasbourg.de\\\/es\\\/\"},{\"@type\":\"Person\",\"@id\":\"https:\\\/\\\/guide-strasbourg.de\\\/es\\\/author\\\/regine_2018-2-2-2-2\\\/#author\",\"url\":\"https:\\\/\\\/guide-strasbourg.de\\\/es\\\/author\\\/regine_2018-2-2-2-2\\\/\",\"name\":\"R\\u00e9gine Baumg\\u00e4rtner\"},{\"@type\":\"WebPage\",\"@id\":\"https:\\\/\\\/guide-strasbourg.de\\\/es\\\/zwischen-kehl-und-strasbourg-deutschland-und-frankreich\\\/#webpage\",\"url\":\"https:\\\/\\\/guide-strasbourg.de\\\/es\\\/zwischen-kehl-und-strasbourg-deutschland-und-frankreich\\\/\",\"name\":\"Reportaje de televisi\\u00f3n SWR \\u00abEntre Francia y Alemania: en tranv\\u00eda hasta Estrasburgo\\u00bb | Guide Strasbourg - Stadtf\\u00fchrer f\\u00fcr Stra\\u00dfburg\",\"inLanguage\":\"es-ES\",\"isPartOf\":{\"@id\":\"https:\\\/\\\/guide-strasbourg.de\\\/es\\\/#website\"},\"breadcrumb\":{\"@id\":\"https:\\\/\\\/guide-strasbourg.de\\\/es\\\/zwischen-kehl-und-strasbourg-deutschland-und-frankreich\\\/#breadcrumblist\"},\"author\":{\"@id\":\"https:\\\/\\\/guide-strasbourg.de\\\/es\\\/author\\\/regine_2018-2-2-2-2\\\/#author\"},\"creator\":{\"@id\":\"https:\\\/\\\/guide-strasbourg.de\\\/es\\\/author\\\/regine_2018-2-2-2-2\\\/#author\"},\"datePublished\":\"2019-04-01T20:12:45+02:00\",\"dateModified\":\"2019-07-31T18:48:56+02:00\"},{\"@type\":\"WebSite\",\"@id\":\"https:\\\/\\\/guide-strasbourg.de\\\/es\\\/#website\",\"url\":\"https:\\\/\\\/guide-strasbourg.de\\\/es\\\/\",\"name\":\"Guide Strasbourg - Stadtf\\u00fchrer f\\u00fcr Stra\\u00dfburg\",\"description\":\"Stadtf\\u00fchrung und Museumsf\\u00fchrung in Stra\\u00dfburg\",\"inLanguage\":\"es-ES\",\"publisher\":{\"@id\":\"https:\\\/\\\/guide-strasbourg.de\\\/es\\\/#organization\"}}]}\n\t\t<\/script>\n\t\t<!-- All in One SEO -->\n\n","aioseo_head_json":{"title":"Reportaje de televisi\u00f3n SWR \u00abEntre Francia y Alemania: en tranv\u00eda hasta Estrasburgo\u00bb | Guide Strasbourg - Stadtf\u00fchrer f\u00fcr Stra\u00dfburg","description":"","canonical_url":"https:\/\/guide-strasbourg.de\/es\/zwischen-kehl-und-strasbourg-deutschland-und-frankreich\/","robots":"max-image-preview:large","keywords":"","webmasterTools":{"miscellaneous":""},"schema":{"@context":"https:\/\/schema.org","@graph":[{"@type":"Article","@id":"https:\/\/guide-strasbourg.de\/es\/zwischen-kehl-und-strasbourg-deutschland-und-frankreich\/#article","name":"Reportaje de televisi\u00f3n SWR \u00abEntre Francia y Alemania: en tranv\u00eda hasta Estrasburgo\u00bb | Guide Strasbourg - Stadtf\u00fchrer f\u00fcr Stra\u00dfburg","headline":"Reportaje de televisi\u00f3n SWR \u00abEntre Francia y Alemania: en tranv\u00eda hasta Estrasburgo\u00bb","author":{"@id":"https:\/\/guide-strasbourg.de\/es\/author\/regine_2018-2-2-2-2\/#author"},"publisher":{"@id":"https:\/\/guide-strasbourg.de\/es\/#organization"},"image":{"@type":"ImageObject","url":"https:\/\/guide-strasbourg.de\/wp-content\/uploads\/2019\/04\/SWR-Beitrag.jpg","@id":"https:\/\/guide-strasbourg.de\/es\/zwischen-kehl-und-strasbourg-deutschland-und-frankreich\/#articleImage","width":800,"height":429},"datePublished":"2019-04-01T20:12:45+02:00","dateModified":"2019-07-31T18:48:56+02:00","inLanguage":"es-ES","mainEntityOfPage":{"@id":"https:\/\/guide-strasbourg.de\/es\/zwischen-kehl-und-strasbourg-deutschland-und-frankreich\/#webpage"},"isPartOf":{"@id":"https:\/\/guide-strasbourg.de\/es\/zwischen-kehl-und-strasbourg-deutschland-und-frankreich\/#webpage"},"articleSection":"Allgemein"},{"@type":"BreadcrumbList","@id":"https:\/\/guide-strasbourg.de\/es\/zwischen-kehl-und-strasbourg-deutschland-und-frankreich\/#breadcrumblist","itemListElement":[{"@type":"ListItem","@id":"https:\/\/guide-strasbourg.de\/es#listItem","position":1,"name":"Home","item":"https:\/\/guide-strasbourg.de\/es","nextItem":{"@type":"ListItem","@id":"https:\/\/guide-strasbourg.de\/es\/category\/allgemein\/#listItem","name":"Allgemein"}},{"@type":"ListItem","@id":"https:\/\/guide-strasbourg.de\/es\/category\/allgemein\/#listItem","position":2,"name":"Allgemein","item":"https:\/\/guide-strasbourg.de\/es\/category\/allgemein\/","nextItem":{"@type":"ListItem","@id":"https:\/\/guide-strasbourg.de\/es\/zwischen-kehl-und-strasbourg-deutschland-und-frankreich\/#listItem","name":"Reportaje de televisi\u00f3n SWR \u00abEntre Francia y Alemania: en tranv\u00eda hasta Estrasburgo\u00bb"},"previousItem":{"@type":"ListItem","@id":"https:\/\/guide-strasbourg.de\/es#listItem","name":"Home"}},{"@type":"ListItem","@id":"https:\/\/guide-strasbourg.de\/es\/zwischen-kehl-und-strasbourg-deutschland-und-frankreich\/#listItem","position":3,"name":"Reportaje de televisi\u00f3n SWR \u00abEntre Francia y Alemania: en tranv\u00eda hasta Estrasburgo\u00bb","previousItem":{"@type":"ListItem","@id":"https:\/\/guide-strasbourg.de\/es\/category\/allgemein\/#listItem","name":"Allgemein"}}]},{"@type":"Organization","@id":"https:\/\/guide-strasbourg.de\/es\/#organization","name":"Guide Strasbourg - Stadtf\u00fchrer f\u00fcr Stra\u00dfburg","description":"Stadtf\u00fchrung und Museumsf\u00fchrung in Stra\u00dfburg","url":"https:\/\/guide-strasbourg.de\/es\/"},{"@type":"Person","@id":"https:\/\/guide-strasbourg.de\/es\/author\/regine_2018-2-2-2-2\/#author","url":"https:\/\/guide-strasbourg.de\/es\/author\/regine_2018-2-2-2-2\/","name":"R\u00e9gine Baumg\u00e4rtner"},{"@type":"WebPage","@id":"https:\/\/guide-strasbourg.de\/es\/zwischen-kehl-und-strasbourg-deutschland-und-frankreich\/#webpage","url":"https:\/\/guide-strasbourg.de\/es\/zwischen-kehl-und-strasbourg-deutschland-und-frankreich\/","name":"Reportaje de televisi\u00f3n SWR \u00abEntre Francia y Alemania: en tranv\u00eda hasta Estrasburgo\u00bb | Guide Strasbourg - Stadtf\u00fchrer f\u00fcr Stra\u00dfburg","inLanguage":"es-ES","isPartOf":{"@id":"https:\/\/guide-strasbourg.de\/es\/#website"},"breadcrumb":{"@id":"https:\/\/guide-strasbourg.de\/es\/zwischen-kehl-und-strasbourg-deutschland-und-frankreich\/#breadcrumblist"},"author":{"@id":"https:\/\/guide-strasbourg.de\/es\/author\/regine_2018-2-2-2-2\/#author"},"creator":{"@id":"https:\/\/guide-strasbourg.de\/es\/author\/regine_2018-2-2-2-2\/#author"},"datePublished":"2019-04-01T20:12:45+02:00","dateModified":"2019-07-31T18:48:56+02:00"},{"@type":"WebSite","@id":"https:\/\/guide-strasbourg.de\/es\/#website","url":"https:\/\/guide-strasbourg.de\/es\/","name":"Guide Strasbourg - Stadtf\u00fchrer f\u00fcr Stra\u00dfburg","description":"Stadtf\u00fchrung und Museumsf\u00fchrung in Stra\u00dfburg","inLanguage":"es-ES","publisher":{"@id":"https:\/\/guide-strasbourg.de\/es\/#organization"}}]}},"aioseo_meta_data":{"post_id":"431","title":null,"description":null,"keywords":null,"keyphrases":null,"primary_term":null,"canonical_url":null,"og_title":null,"og_description":null,"og_object_type":"default","og_image_type":"default","og_image_url":null,"og_image_width":null,"og_image_height":null,"og_image_custom_url":null,"og_image_custom_fields":null,"og_video":null,"og_custom_url":null,"og_article_section":null,"og_article_tags":null,"twitter_use_og":false,"twitter_card":"default","twitter_image_type":"default","twitter_image_url":null,"twitter_image_custom_url":null,"twitter_image_custom_fields":null,"twitter_title":null,"twitter_description":null,"schema":{"blockGraphs":[],"customGraphs":[],"default":{"data":{"Article":[],"Course":[],"Dataset":[],"FAQPage":[],"Movie":[],"Person":[],"Product":[],"ProductReview":[],"Car":[],"Recipe":[],"Service":[],"SoftwareApplication":[],"WebPage":[]},"graphName":"","isEnabled":true},"graphs":[],"defaultGraph":"","defaultPostTypeGraph":""},"schema_type":null,"schema_type_options":null,"pillar_content":false,"robots_default":true,"robots_noindex":false,"robots_noarchive":false,"robots_nosnippet":false,"robots_nofollow":false,"robots_noimageindex":false,"robots_noodp":false,"robots_notranslate":false,"robots_max_snippet":null,"robots_max_videopreview":null,"robots_max_imagepreview":"large","priority":null,"frequency":null,"local_seo":null,"breadcrumb_settings":null,"limit_modified_date":false,"ai":null,"created":"2020-12-21 03:53:49","updated":"2025-06-04 03:26:43","seo_analyzer_scan_date":null,"focus_keyword":null,"additional_keywords":null,"truseo_locale":null},"aioseo_breadcrumb":"<div class=\"aioseo-breadcrumbs\"><span class=\"aioseo-breadcrumb\">\n\t\t\t<a href=\"https:\/\/guide-strasbourg.de\/es\" title=\"Home\">Home<\/a>\n\t\t<\/span><span class=\"aioseo-breadcrumb-separator\">&raquo;<\/span><span class=\"aioseo-breadcrumb\">\n\t\t\t<a href=\"https:\/\/guide-strasbourg.de\/es\/category\/allgemein\/\" title=\"Allgemein\">Allgemein<\/a>\n\t\t<\/span><span class=\"aioseo-breadcrumb-separator\">&raquo;<\/span><span class=\"aioseo-breadcrumb\">\n\t\t\tReportaje de televisi\u00f3n SWR \u00abEntre Francia y Alemania: en tranv\u00eda hasta Estrasburgo\u00bb\n\t\t<\/span><\/div>","aioseo_breadcrumb_json":[{"label":"Home","link":"https:\/\/guide-strasbourg.de\/es"},{"label":"Allgemein","link":"https:\/\/guide-strasbourg.de\/es\/category\/allgemein\/"},{"label":"Reportaje de televisi\u00f3n SWR \u00abEntre Francia y Alemania: en tranv\u00eda hasta Estrasburgo\u00bb","link":"https:\/\/guide-strasbourg.de\/es\/zwischen-kehl-und-strasbourg-deutschland-und-frankreich\/"}],"_links":{"self":[{"href":"https:\/\/guide-strasbourg.de\/es\/wp-json\/wp\/v2\/posts\/431","targetHints":{"allow":["GET"]}}],"collection":[{"href":"https:\/\/guide-strasbourg.de\/es\/wp-json\/wp\/v2\/posts"}],"about":[{"href":"https:\/\/guide-strasbourg.de\/es\/wp-json\/wp\/v2\/types\/post"}],"author":[{"embeddable":true,"href":"https:\/\/guide-strasbourg.de\/es\/wp-json\/wp\/v2\/users\/3"}],"replies":[{"embeddable":true,"href":"https:\/\/guide-strasbourg.de\/es\/wp-json\/wp\/v2\/comments?post=431"}],"version-history":[{"count":5,"href":"https:\/\/guide-strasbourg.de\/es\/wp-json\/wp\/v2\/posts\/431\/revisions"}],"predecessor-version":[{"id":480,"href":"https:\/\/guide-strasbourg.de\/es\/wp-json\/wp\/v2\/posts\/431\/revisions\/480"}],"wp:attachment":[{"href":"https:\/\/guide-strasbourg.de\/es\/wp-json\/wp\/v2\/media?parent=431"}],"wp:term":[{"taxonomy":"category","embeddable":true,"href":"https:\/\/guide-strasbourg.de\/es\/wp-json\/wp\/v2\/categories?post=431"},{"taxonomy":"post_tag","embeddable":true,"href":"https:\/\/guide-strasbourg.de\/es\/wp-json\/wp\/v2\/tags?post=431"}],"curies":[{"name":"wp","href":"https:\/\/api.w.org\/{rel}","templated":true}]}}